{"id":1929,"date":"2016-12-14T16:35:51","date_gmt":"2016-12-14T15:35:51","guid":{"rendered":"http:\/\/fondation-jefpag.com\/?p=1929"},"modified":"2017-04-03T14:46:31","modified_gmt":"2017-04-03T13:46:31","slug":"amalia","status":"publish","type":"post","link":"https:\/\/fondation-jefpag.com\/index.php\/2016\/12\/14\/amalia\/","title":{"rendered":"Amalia"},"content":{"rendered":"<p>[vc_row][vc_column][vc_custom_heading text=&#8221;Amalia (54 ans)&#8221; use_theme_fonts=&#8221;yes&#8221;][vc_empty_space][vc_custom_heading text=&#8221;Son histoire&#8230;&#8221; font_container=&#8221;tag:h4|text_align:left&#8221; use_theme_fonts=&#8221;yes&#8221;][vc_column_text]Originaire de Inabanga sur l&#8217;\u00eele de Bohol,\u00a0Amalia a une sant\u00e9 tr\u00e8s fragile (maladie osseuse) et a de plus en plus de mal \u00e0 bouger ses bras et ses mains.\u00a0M\u00e8re de trois filles et d&#8217;un gar\u00e7on, elle a\u00a0\u00e9galement accueilli\u00a0et adopt\u00e9 Jonalyn (20 ans) et Analyn (23 ans), abandonn\u00e9es d\u00e8s leur plus jeune \u00e2ge par leur m\u00e8re c\u00e9libataire.\u00a0Elle prend \u00e9galement soin \u00e0 temps partiel de Marvey (8 ans), d\u00e9laiss\u00e9e par sa m\u00e8re (native de\u00a0Inabanga).<\/p>\n<p>Cette grande famille se compose donc\u00a0de 9 personnes, avec le p\u00e8re qui apporte une faible r\u00e9mun\u00e9ration en vendant des noix de coco qu&#8217;il cueille \u00e9trangement en grimpant aux arbres (cocotiers).[\/vc_column_text][vc_empty_space][vc_custom_heading text=&#8221;L&#8217;aide de JEFPAG&#8221; font_container=&#8221;tag:h4|text_align:left&#8221; use_theme_fonts=&#8221;yes&#8221;][vc_column_text]Jefpag a pris en charge les frais de sant\u00e9, les frais hospitaliers, la r\u00e9\u00e9ducation, la th\u00e9rapie&#8230;<\/p>\n<p>Dur\u00e9e : ind\u00e9termin\u00e9e[\/vc_column_text][vc_empty_space][\/vc_column][\/vc_row][vc_row][vc_column][vc_gallery type=&#8221;image_grid&#8221; images=&#8221;1910,1916,1917,1918,1921,1920,1919,1922,2414&#8243;][\/vc_column][\/vc_row]<\/p>\n","protected":false},"excerpt":{"rendered":"<p>Amalia a une sant\u00e9 tr\u00e8s fragile. Elle a de plus en plus de mal \u00e0 bouger ses bras et ses mains&#8230;<\/p>\n","protected":false},"author":1,"featured_media":1934,"comment_status":"open","ping_status":"open","sticky":false,"template":"","format":"standard","meta":{"_bbp_topic_count":0,"_bbp_reply_count":0,"_bbp_total_topic_count":0,"_bbp_total_reply_count":0,"_bbp_voice_count":0,"_bbp_anonymous_reply_count":0,"_bbp_topic_count_hidden":0,"_bbp_reply_count_hidden":0,"_bbp_forum_subforum_count":0},"categories":[47],"tags":[],"_links":{"self":[{"href":"https:\/\/fondation-jefpag.com\/index.php\/wp-json\/wp\/v2\/posts\/1929"}],"collection":[{"href":"https:\/\/fondation-jefpag.com\/index.php\/wp-json\/wp\/v2\/posts"}],"about":[{"href":"https:\/\/fondation-jefpag.com\/index.php\/wp-json\/wp\/v2\/types\/post"}],"author":[{"embeddable":true,"href":"https:\/\/fondation-jefpag.com\/index.php\/wp-json\/wp\/v2\/users\/1"}],"replies":[{"embeddable":true,"href":"https:\/\/fondation-jefpag.com\/index.php\/wp-json\/wp\/v2\/comments?post=1929"}],"version-history":[{"count":8,"href":"https:\/\/fondation-jefpag.com\/index.php\/wp-json\/wp\/v2\/posts\/1929\/revisions"}],"predecessor-version":[{"id":2428,"href":"https:\/\/fondation-jefpag.com\/index.php\/wp-json\/wp\/v2\/posts\/1929\/revisions\/2428"}],"wp:featuredmedia":[{"embeddable":true,"href":"https:\/\/fondation-jefpag.com\/index.php\/wp-json\/wp\/v2\/media\/1934"}],"wp:attachment":[{"href":"https:\/\/fondation-jefpag.com\/index.php\/wp-json\/wp\/v2\/media?parent=1929"}],"wp:term":[{"taxonomy":"category","embeddable":true,"href":"https:\/\/fondation-jefpag.com\/index.php\/wp-json\/wp\/v2\/categories?post=1929"},{"taxonomy":"post_tag","embeddable":true,"href":"https:\/\/fondation-jefpag.com\/index.php\/wp-json\/wp\/v2\/tags?post=1929"}],"curies":[{"name":"wp","href":"https:\/\/api.w.org\/{rel}","templated":true}]}}