{"id":2129,"date":"2017-03-01T20:45:49","date_gmt":"2017-03-01T19:45:49","guid":{"rendered":"http:\/\/fondation-jefpag.com\/?p=2129"},"modified":"2017-04-07T13:35:28","modified_gmt":"2017-04-07T12:35:28","slug":"hedelisa","status":"publish","type":"post","link":"https:\/\/fondation-jefpag.com\/index.php\/2017\/03\/01\/hedelisa\/","title":{"rendered":"Hedelisa, en chaise roulante"},"content":{"rendered":"<p>[vc_row][vc_column][vc_custom_heading text=&#8221;Une chaise roulante pour Hedelisa&#8221; use_theme_fonts=&#8221;yes&#8221;][vc_empty_space][vc_column_text]1<sup>er<\/sup>\u00a0janvier 2017 &#8211;\u00a0Happy New Year\u00a0!<\/p>\n<p>&#8220;Imaginez la joie, le bonheur pour Hedelisa, le lendemain du jour de l\u2019an 2017, lorsque son \u00e9poux, Meljune Jos\u00e8s CABANTUAN revient du travail le soir avec une chaise roulante toute neuve.<\/p>\n<p>Hedelisa (handicap\u00e9e suite \u00e0 une attaque cardiaque et c\u00e9r\u00e9brale) en r\u00eavait depuis bien longtemps.\u00a0<span lang=\"fr\">Elle ne pouvait\u00a0rien faire sans l&#8217;aide d&#8217;une autre personne, la porter aux toilettes, l&#8217;aider \u00e0 prendre son bain ou l&#8217;aider \u00e0 sortir pour prendre un petit rayon de soleil. C&#8217;est maintenant un soulagement pour la famille, qu&#8217;elle puisse \u00eatre plus autonome.<\/span><\/p>\n<p>Son mari Meljune, qui est un dur travailleur, faisait des heures suppl\u00e9mentaires depuis 2 ans mais ses \u00e9conomies \u00e9taient bien insuffisantes pour offrir ce merveilleux cadeau.<\/p>\n<p>Le hasard d\u2019une rencontre avec Jean Claude COTTET MOINE (Jack), des confidences \u00e9chang\u00e9es et le r\u00eave devient r\u00e9alit\u00e9.<\/p>\n<p>En photo : Alona, Vice-Pr\u00e9sidente et tr\u00e9sori\u00e8re de Jefpag accompagne Meljune \u00e0 la pharmacie pour acheter la pr\u00e9cieuse et utile chaise roulante.<\/p>\n<p>Ce soir l\u00e0 (2 janvier 2017) et gr\u00e2ce \u00e0 la Fondation JEFPAG, Meljune a apport\u00e9 joie et bonheur dans son foyer.[\/vc_column_text][vc_empty_space][vc_empty_space][\/vc_column][\/vc_row][vc_row][vc_column][vc_gallery type=&#8221;image_grid&#8221; images=&#8221;2126,2127,2459,2145,2414&#8243;][\/vc_column][\/vc_row]<\/p>\n","protected":false},"excerpt":{"rendered":"<p>&#8220;Imaginez la joie, le bonheur&#8230;&#8221;<\/p>\n","protected":false},"author":1,"featured_media":2130,"comment_status":"open","ping_status":"open","sticky":false,"template":"","format":"standard","meta":{"_bbp_topic_count":0,"_bbp_reply_count":0,"_bbp_total_topic_count":0,"_bbp_total_reply_count":0,"_bbp_voice_count":0,"_bbp_anonymous_reply_count":0,"_bbp_topic_count_hidden":0,"_bbp_reply_count_hidden":0,"_bbp_forum_subforum_count":0},"categories":[47],"tags":[],"_links":{"self":[{"href":"https:\/\/fondation-jefpag.com\/index.php\/wp-json\/wp\/v2\/posts\/2129"}],"collection":[{"href":"https:\/\/fondation-jefpag.com\/index.php\/wp-json\/wp\/v2\/posts"}],"about":[{"href":"https:\/\/fondation-jefpag.com\/index.php\/wp-json\/wp\/v2\/types\/post"}],"author":[{"embeddable":true,"href":"https:\/\/fondation-jefpag.com\/index.php\/wp-json\/wp\/v2\/users\/1"}],"replies":[{"embeddable":true,"href":"https:\/\/fondation-jefpag.com\/index.php\/wp-json\/wp\/v2\/comments?post=2129"}],"version-history":[{"count":9,"href":"https:\/\/fondation-jefpag.com\/index.php\/wp-json\/wp\/v2\/posts\/2129\/revisions"}],"predecessor-version":[{"id":2461,"href":"https:\/\/fondation-jefpag.com\/index.php\/wp-json\/wp\/v2\/posts\/2129\/revisions\/2461"}],"wp:featuredmedia":[{"embeddable":true,"href":"https:\/\/fondation-jefpag.com\/index.php\/wp-json\/wp\/v2\/media\/2130"}],"wp:attachment":[{"href":"https:\/\/fondation-jefpag.com\/index.php\/wp-json\/wp\/v2\/media?parent=2129"}],"wp:term":[{"taxonomy":"category","embeddable":true,"href":"https:\/\/fondation-jefpag.com\/index.php\/wp-json\/wp\/v2\/categories?post=2129"},{"taxonomy":"post_tag","embeddable":true,"href":"https:\/\/fondation-jefpag.com\/index.php\/wp-json\/wp\/v2\/tags?post=2129"}],"curies":[{"name":"wp","href":"https:\/\/api.w.org\/{rel}","templated":true}]}}