{"id":2190,"date":"2017-03-10T10:56:49","date_gmt":"2017-03-10T09:56:49","guid":{"rendered":"http:\/\/fondation-jefpag.com\/?p=2190"},"modified":"2017-04-03T14:48:03","modified_gmt":"2017-04-03T13:48:03","slug":"ferme-bio-de-boljoon","status":"publish","type":"post","link":"https:\/\/fondation-jefpag.com\/index.php\/2017\/03\/10\/ferme-bio-de-boljoon\/","title":{"rendered":"Ferme BIO \u00e0 Boljoon"},"content":{"rendered":"<p>[vc_row][vc_column][vc_custom_heading text=&#8221;Ferme BIO \u00e0 Boljoon&#8221; use_theme_fonts=&#8221;yes&#8221;][vc_empty_space][vc_custom_heading text=&#8221;Le projet&#8221; font_container=&#8221;tag:h4|text_align:left&#8221; use_theme_fonts=&#8221;yes&#8221;][vc_column_text]La ferme BIO\u00a0&#8220;<strong>ACTFREE FARMER&#8217;S ASSOCIATION<\/strong>&#8221; est situ\u00e9e \u00e0 Boljoon, \u00e0 environ 3h de route au sud de CEBU CITY (Philippines).<\/p>\n<p>La surface est d\u2019environ 4000m2 dont 1800 m2 en location et 2200m2 achet\u00e9s gr\u00e2ce aux dons financiers de CAPIFRANCE vers\u00e9s \u00e0 l\u2019association Terre Sans Fronti\u00e8res (TSF) pr\u00e9sid\u00e9e par Andr\u00e9 SPRAUEL.<\/p>\n<p><strong>La famille COTTET MOINE et TSF<\/strong>\u00a0continuent de soutenir cette ferme biologique manag\u00e9e par Ricardo, lui-m\u00eame aid\u00e9 par les 30 familles qui y travaillent b\u00e9n\u00e9volement pour le moment.<\/p>\n<p>C\u2019est un projet exp\u00e9rimental qui demande beaucoup de passion, de motivation, de pers\u00e9v\u00e9rance, car les embuches sont nombreuses, sans parler de la s\u00e9cheresse, ou des trombes d\u2019eau qui peuvent d\u00e9truire les r\u00e9coltes.<\/p>\n<p>Mais \u00e0 chaque fois, Ricardo et les membres de cette communaut\u00e9, surmontent un \u00e0 un les obstacles, ou effectuent les corrections n\u00e9cessaires pour \u00e9viter que les m\u00eames difficult\u00e9s se renouvellent.<\/p>\n<p>Avec le temps, les fermiers accumulent des connaissances peu ordinaires qui am\u00e9liorent sans cesse leurs comp\u00e9tences.<\/p>\n<p>Si l\u2019on compare la production, le rendement avec le nombre d\u2019heures de travail, aujourd\u2019hui, cette activit\u00e9 n\u2019est pas rentable.<\/p>\n<p>Mais avec la volont\u00e9, la passion, le travail, la pers\u00e9v\u00e9rance de ces familles, d\u2019ici trois ans, elles pourront au moins partiellement en vivre.<\/p>\n<p><u><a href=\"https:\/\/www.facebook.com\/pg\/Actfree-Farmers-Association-234920013275096\/about\/?ref=page_internal\">Voir la page Facebook de ACTFREE FARMERS Association<\/a><\/u>[\/vc_column_text][vc_empty_space][vc_custom_heading text=&#8221;Visite des membres Jefpag \u00e0 la ferme BIO \u00e0 Boljoon&#8221; font_container=&#8221;tag:h4|text_align:left&#8221; use_theme_fonts=&#8221;yes&#8221;][vc_column_text]Suite \u00e0 la\u00a0visite de\u00a0Jean Claude COTTET MOINE (donateur Jefpag) et Patrick GAY (Pr\u00e9sident Jefpag),\u00a0du 5 mars 2017, TSF et la famille COTTET MOINE ont pris la d\u00e9cision de continuer \u00e0 soutenir pendant 4 ans le projet de ces 30 familles et en autre, pour cette ann\u00e9e, de voter un budget suppl\u00e9mentaire pour la scolarit\u00e9 et 1 repas\/jour de 40 enfants de cette communaut\u00e9.<\/p>\n<p>En 2017, ce sera aussi et entre autre un budget particulier suppl\u00e9mentaire de 7 000 euros (360 000 pesos) pour trouver l&#8217;eau gr\u00e2ce \u00e0 un forage profond et d&#8217;une pompe, puis la mise en oeuvre d&#8217;un syst\u00e8me d&#8217;arrosage au goutte \u00e0 goutte assorti d&#8217;un r\u00e9servoir.[\/vc_column_text][vc_empty_space][\/vc_column][\/vc_row][vc_row][vc_column][vc_gallery type=&#8221;image_grid&#8221; images=&#8221;2179,2183,2177,2178,2180,2184,2181,2182,2185,2186,2187,2188,2414&#8243;][\/vc_column][\/vc_row]<\/p>\n","protected":false},"excerpt":{"rendered":"<p>Visite du 5 mars \u00e0 la ferme<\/p>\n","protected":false},"author":1,"featured_media":2179,"comment_status":"open","ping_status":"open","sticky":false,"template":"","format":"standard","meta":{"_bbp_topic_count":0,"_bbp_reply_count":0,"_bbp_total_topic_count":0,"_bbp_total_reply_count":0,"_bbp_voice_count":0,"_bbp_anonymous_reply_count":0,"_bbp_topic_count_hidden":0,"_bbp_reply_count_hidden":0,"_bbp_forum_subforum_count":0},"categories":[47],"tags":[],"_links":{"self":[{"href":"https:\/\/fondation-jefpag.com\/index.php\/wp-json\/wp\/v2\/posts\/2190"}],"collection":[{"href":"https:\/\/fondation-jefpag.com\/index.php\/wp-json\/wp\/v2\/posts"}],"about":[{"href":"https:\/\/fondation-jefpag.com\/index.php\/wp-json\/wp\/v2\/types\/post"}],"author":[{"embeddable":true,"href":"https:\/\/fondation-jefpag.com\/index.php\/wp-json\/wp\/v2\/users\/1"}],"replies":[{"embeddable":true,"href":"https:\/\/fondation-jefpag.com\/index.php\/wp-json\/wp\/v2\/comments?post=2190"}],"version-history":[{"count":8,"href":"https:\/\/fondation-jefpag.com\/index.php\/wp-json\/wp\/v2\/posts\/2190\/revisions"}],"predecessor-version":[{"id":2430,"href":"https:\/\/fondation-jefpag.com\/index.php\/wp-json\/wp\/v2\/posts\/2190\/revisions\/2430"}],"wp:featuredmedia":[{"embeddable":true,"href":"https:\/\/fondation-jefpag.com\/index.php\/wp-json\/wp\/v2\/media\/2179"}],"wp:attachment":[{"href":"https:\/\/fondation-jefpag.com\/index.php\/wp-json\/wp\/v2\/media?parent=2190"}],"wp:term":[{"taxonomy":"category","embeddable":true,"href":"https:\/\/fondation-jefpag.com\/index.php\/wp-json\/wp\/v2\/categories?post=2190"},{"taxonomy":"post_tag","embeddable":true,"href":"https:\/\/fondation-jefpag.com\/index.php\/wp-json\/wp\/v2\/tags?post=2190"}],"curies":[{"name":"wp","href":"https:\/\/api.w.org\/{rel}","templated":true}]}}