{"id":23,"date":"2016-01-12T15:04:04","date_gmt":"2016-01-12T14:04:04","guid":{"rendered":"http:\/\/fondation-jefpag.com\/?p=23"},"modified":"2017-10-04T12:24:55","modified_gmt":"2017-10-04T11:24:55","slug":"volontaires","status":"publish","type":"post","link":"https:\/\/fondation-jefpag.com\/index.php\/2016\/01\/12\/volontaires\/","title":{"rendered":"Volontaires"},"content":{"rendered":"<p>[vc_row full_width=&#8221;stretch_row&#8221; css=&#8221;.vc_custom_1452765557880{background-color: #f3f3f3 !important;}&#8221;][vc_column]<div class=\"sc_section margin_bottom_huge\" style=\"max-width: 970px; margin: auto;\"><div class=\"sc_section_inner\">[vc_column_text]<\/p>\n<p id=\"tw-target-text\" class=\"tw-data-text tw-ta tw-text-small\" dir=\"ltr\" data-placeholder=\"Traduction\"><span lang=\"fr\">Chers futurs volontaires, <\/span><\/p>\n<p class=\"tw-data-text tw-ta tw-text-small\" dir=\"ltr\" data-placeholder=\"Traduction\"><span lang=\"fr\">Le volontariat (indemnis\u00e9) ou le b\u00e9n\u00e9volat vous permettent de vous sentir mieux, en ressentant des sentiments de gratitude. \u00a0Cette nouvelle perspective peut vous aider \u00e0 voir les choses plus clairement et peut vous inspirer pour continuer \u00e0 offrir votre temps pour une association.\u00a0<\/span><\/p>\n<p class=\"tw-data-text tw-ta tw-text-small\" dir=\"ltr\" data-placeholder=\"Traduction\"><span lang=\"fr\">Beaucoup de gens d\u00e9finissent le volontariat (indemnis\u00e9) ou le b\u00e9n\u00e9volat comme un acte d\u00e9sint\u00e9ress\u00e9, qui a pour but d&#8217;aider les autres en\u00a0am\u00e9liorant une situation que vous avez le pouvoir de changer. <\/span><\/p>\n<p class=\"tw-data-text tw-ta tw-text-small\" dir=\"ltr\" data-placeholder=\"Traduction\"><span lang=\"fr\">Le volontariat ou le b\u00e9n\u00e9volat\u00a0consiste <\/span><span lang=\"fr\">\u00e0 regarder les autres avec compassion, \u00e0 ouvrir son coeur et \u00e0 passer \u00e0 l&#8217;action en apportant de l&#8217;aide aux plus d\u00e9munis.<\/span><\/p>\n<p class=\"tw-data-text tw-ta tw-text-small\" dir=\"ltr\" data-placeholder=\"Traduction\"><span lang=\"fr\">Le volontariat ou le b\u00e9n\u00e9volat consiste aussi \u00e0 donner de son temps et de ses comp\u00e9tences (\u00e0 travers Jefpag) \u00e0 ceux qui ont besoin de votre aide. <\/span><\/p>\n<p><span lang=\"fr\">Le volontariat et le b\u00e9n\u00e9volat sont\u00a0centr\u00e9s autour de l&#8217;id\u00e9e que si les gens se r\u00e9unissent, ils sont plus forts, plus efficaces et ils peuvent faire une \u00e9norme diff\u00e9rence.<\/span>[\/vc_column_text][vc_custom_heading text=&#8221;Vous \u00eates tous les bienvenus !&#8221; font_container=&#8221;tag:h4|text_align:left&#8221; use_theme_fonts=&#8221;yes&#8221;][vc_empty_space]<div class=\"columns_wrap sc_columns columns_nofluid sc_columns_count_2\"><div class=\"column-1_2 sc_column_item sc_column_item_1 odd first\">[vc_column_text]<em>&#8220;L&#8217;engagement de nouveaux volontaires indemnis\u00e9s ou de b\u00e9n\u00e9voles est indispensable \u00e0 la poursuite de nos missions.&#8221;<\/em><\/p>\n<p><em>&#8220;Chacun d&#8217;entre vous peut nous aider, participer et se rendre utile en \u00e9tant acteur actif au sein de JEFPAG.&#8221;<\/em><\/p>\n<p><em>&#8220;Partagez vos connaissances ou vos talents, et transmettez \u00e0 ceux qui en ont besoin.&#8221;<\/em><\/p>\n<p><em><span lang=\"fr\">&#8220;Volontariat fond\u00e9 sur les comp\u00e9tences.&#8221; Quelle que soit la comp\u00e9tence d&#8217;une personne, elle peut accomplir de nombreuses actions en participant \u00e0\u00a0un projet.<\/span><\/em><\/p>\n<p><em>&#8220;Parce que les missions sont nombreuses, et qu&#8217;il y a de plus en plus de demandes d&#8217;aides,\u00a0JEFPAG a besoin de volontaires d\u00e9vou\u00e9s pour assurer son fonctionnement.&#8221;<\/em>[\/vc_column_text]<\/div><div class=\"column-1_2 sc_column_item sc_column_item_2 even\">[vc_single_image image=&#8221;1829&#8243; img_size=&#8221;full&#8221;]<div class=\"sc_section aligncenter\"><div class=\"sc_section_inner\"><\/div><\/div><\/div><\/div>[vc_custom_heading text=&#8221;Faire partie de JEFPAG c&#8217;est&#8230;&#8221; font_container=&#8221;tag:h4|text_align:justify&#8221; use_theme_fonts=&#8221;yes&#8221;][vc_column_text]Une aventure humaine exceptionnelle, u<span style=\"font-weight: 400;\">ne \u00e9quipe de volontaires ou de b\u00e9n\u00e9voles soud\u00e9s, partageant les m\u00eames id\u00e9es humanistes, u<\/span><span style=\"font-weight: 400;\">n \u00e9panouissement personnel important, l<\/span><span style=\"font-weight: 400;\">a satisfaction d\u2019avoir apport\u00e9 un peu de soleil et de bonheur aux plus d\u00e9favoris\u00e9s.<\/span><\/p>\n<p><span lang=\"fr\">Vivre la vie quotidienne de\u00a0ces personnes pauvres et dans le besoin. Trouvez la compassion en vous. Il n&#8217;est jamais trop tard pour s&#8217;impliquer et faire ce que vous pouvez pour aider les autres !<\/span>[\/vc_column_text]<\/div><\/div>[\/vc_column][\/vc_row][vc_row full_width=&#8221;stretch_row&#8221; css=&#8221;.vc_custom_1475738377709{background-image: url(http:\/\/fondation-jefpag.com\/wp-content\/uploads\/2016\/09\/Fotolia_110480620_Subscription_Monthly_XXL.jpg?id=1784) !important;}&#8221;][vc_column][vc_custom_heading text=&#8221;D\u00e9couvrez les volontaires indemnis\u00e9s ou b\u00e9n\u00e9voles en France et aux Philippines&#8221; font_container=&#8221;tag:h4|text_align:left|color:%23000000&#8243; use_theme_fonts=&#8221;yes&#8221;][vc_empty_space]<div id=\"sc_team_869003172_wrap\" class=\"sc_team_wrap\"><div id=\"sc_team_869003172\" class=\"sc_team sc_team_style_team-1  sc_slider_nopagination sc_slider_controls sc_slider_controls_side sc_slider_swiper swiper-slider-container aligncenter\" style=\"width:100%;\" data-interval=\"5068\" data-slides-per-view=\"3\" data-slides-min-width=\"250\"><div class=\"slides swiper-wrapper\"><div class=\"swiper-slide\" data-style=\"width:100%;\" style=\"width:100%;\">\t\t\t<div id=\"sc_team_869003172_1\"\t\t\t\tclass=\"sc_team_item sc_team_item_1 odd first\"\n\t\t\t\t>\n\t\t\t\t<div class=\"sc_team_item_avatar\"><img class=\"wp-post-image\" width=\"370\" height=\"370\" alt=\"Jean Claude COTTET MOINE &#8211; Fondateur de Jefpag et Pr\u00e9sident de la Fondation Cottet Moine\" src=\"https:\/\/fondation-jefpag.com\/wp-content\/uploads\/2019\/11\/Jean-Claude-portrait--370x370.jpg\"><\/div>\n\t\t\t\t<div class=\"sc_team_item_info\">\n                    <div class=\"sc_team_item_position\"><\/div>\n                    <h5 class=\"sc_team_item_title\"><a href=\"https:\/\/fondation-jefpag.com\/index.php\/team\/jean-claude-cottet-moine\/\">Jean Claude COTTET MOINE &#8211; Fondateur de Jefpag et Pr\u00e9sident de la Fondation Cottet Moine<\/a><\/h5>\n\t\t\t\t\t<div class=\"sc_team_item_description\"><\/div>\n\t\t\t\t\t\t\t\t\t<\/div>\n\t\t\t<\/div>\n\t\t<\/div><\/div><div class=\"sc_slider_controls_wrap\"><a class=\"sc_slider_prev\" href=\"#\"><\/a><a class=\"sc_slider_next\" href=\"#\"><\/a><\/div><div class=\"sc_slider_pagination_wrap\"><\/div><\/div><!-- \/.sc_team --><\/div><!-- \/.sc_team_wrap -->[vc_empty_space][\/vc_column][\/vc_row][vc_row][vc_column][vc_custom_heading text=&#8221;Rejoignez notre \u00e9quipe de volontaires indemnis\u00e9s, et passez \u00e0 l\u2019action !<\/p>\n<p>&#8221; font_container=&#8221;tag:h4|text_align:left&#8221; use_theme_fonts=&#8221;yes&#8221;][vc_custom_heading text=&#8221;R\u00e9alisez votre mission humanitaire aux Philippines<br \/>\nD\u00e9couvrez une population qui ne vous laissera pas indiff\u00e9rent&#8221; font_container=&#8221;tag:h4|text_align:justify&#8221; use_theme_fonts=&#8221;yes&#8221;][vc_column_text]<strong>Vos missions lors de votre engagement : <\/strong><\/p>\n<p><strong>MISSIONS ADMINISTRATIVES<\/strong><\/p>\n<ul>\n<li><strong><u>Secr\u00e9tariat :\u00a0<\/u><\/strong>Gestion des agendas et planning, prises de notes et compte-rendu, relations avec les autres ONG fran\u00e7aises pr\u00e9sentes aux Philippines, envoi et r\u00e9ponse \u00e0 des emails, prise de rendez-vous, classement, organisation, traitement de dossiers.<\/li>\n<li><strong><u>Recherches internet, Google<\/u><\/strong><\/li>\n<\/ul>\n<p>Diff\u00e9rents th\u00e8mes ou sujets en relation avec l\u2019humanitaire.<\/p>\n<p><em>Quelques exemples de recherches documentaires\u00a0:<\/em><\/p>\n<ul>\n<li>Trouver des syst\u00e8mes de toilettes, utilis\u00e9es et exp\u00e9riment\u00e9es par d\u2019autres ONG dans le monde. Adresses de fournisseurs, Etude de prix\/devis\u2026<\/li>\n<li>Recherche de containers \u00e0 am\u00e9nager en habitation, ou salle de classe, toilettes\u2026 adresses de fournisseurs, devis\u2026<\/li>\n<li>Recherche de mat\u00e9riel de lutte contre l\u2019incendie.<\/li>\n<\/ul>\n<p><strong>MISSION COMMUNICATION<\/strong><\/p>\n<p>But\u00a0: d\u00e9velopper la visibilit\u00e9 de Jefpag.<\/p>\n<p>Pour chaque donation ou action sur le terrain\u00a0: r\u00e9daction d\u2019un contenu \u00e9ditorial court avec prise de photos puis publication sur les sites en fran\u00e7ais et anglais de Jefpag mais aussi sur Facebook.<\/p>\n<ul>\n<li><strong>Les sites\u00a0:<\/strong> <a href=\"http:\/\/jefpagfoundation.com.ph\">http:\/\/jefpagfoundation.com.ph<\/a> et <a href=\"http:\/\/fondation-jefpag.com\">http:\/\/fondation-jefpag.com<\/a> dans \u00ab\u00a0news et actualit\u00e9s\u00a0\u00bb (WordPress).<\/li>\n<li><strong>Les diff\u00e9rents Facebook<\/strong> : Jefpag, Jean Claude COTTET MOINE, Fondation Cottet Moine. Taches\u00a0: Animation, gestion, compl\u00e9ter les albums photos ou diaporama (Youtube) sur les actions men\u00e9es.<\/li>\n<\/ul>\n<p><strong>MISSIONS TERRAIN<\/strong><\/p>\n<p>Diverses missions vari\u00e9es, enrichissantes de connaissances et exp\u00e9riences pratiques, de contacts avec les populations, rencontres :<\/p>\n<ul>\n<li>Rencontres avec de nombreuses ONG fran\u00e7aises pr\u00e9sentes aux Philippines,<\/li>\n<li>Soutien de plusieurs \u00e9coles et universit\u00e9s (fournitures scolaires, uniformes, mat\u00e9riel, etc\u2026),<\/li>\n<li>Prise en charge des \u00e9tudes d\u2019\u00e9coliers, \u00e9tudiants et professeurs et suivi les lieux d\u2019\u00e9tude ou d\u2019habitation,<\/li>\n<li>Suivi des personnes soutenues par Jefpag en partenariat avec des assistantes sociales locales,<\/li>\n<li>Visites et suivi de familles dans les bidonvilles (squatter),<\/li>\n<li>Reportages photos des bidonvilles ou des \u00e9coles ou lors de donations ou du suivi des actions<\/li>\n<li>Enqu\u00eates sociales.<\/li>\n<\/ul>\n<p>[\/vc_column_text][vc_custom_heading text=&#8221;Profil recherch\u00e9&#8221; font_container=&#8221;tag:h4|text_align:justify&#8221; use_theme_fonts=&#8221;yes&#8221;][vc_column_text]<strong><u>Polyvalence <\/u><\/strong><u>:<\/u> administratif, internet, communication, actions sur le terrain au contact avec d\u2019autres ONGs, les personnes aid\u00e9es, la population \u2026<\/p>\n<ul>\n<li><strong>Connaissances\u00a0<\/strong>:<strong> savoir utiliser MAC et IPhone et id\u00e9alement Pages, Numbers et Keynote.<\/strong><\/li>\n<li><strong>Photos pour communication, <\/strong>diaporama, gestion des sites jefpag avec WordPress<\/li>\n<li>Comp\u00e9tences pour r\u00e9diger des rapports de r\u00e9union mais surtout r\u00e9diger, des <strong>contenus \u00e9ditoriaux de nos actions r\u00e9alis\u00e9es sur le terrain afin de les publier <\/strong>sur <strong>Facebook<\/strong>, YouTube et nos sites internet<\/li>\n<li><strong>Tenue des diff\u00e9rents plannings\u00a0<\/strong>(activit\u00e9s, \u00e9v\u00e9nements, volontaires, staff, visites des personnes aid\u00e9es)<\/li>\n<\/ul>\n<p><strong><u>Qualit\u00e9s personnelles\u00a0<\/u><\/strong>: <strong>motivation<\/strong>, passion et enthousiasme, autonomie et prise d\u2019initiatives appr\u00e9ci\u00e9es.<\/p>\n<p><strong><u>Nous aimons\u00a0: <\/u><\/strong><\/p>\n<ul>\n<li>Curiosit\u00e9 naturelle,<\/li>\n<li>Int\u00e9r\u00eat pour nos projets et actions sociales,<\/li>\n<li>L\u2019enthousiasme, voir m\u00eame la passion,<\/li>\n<li>\u00catre pr\u00eat \u00e0 sortir des sentiers battus, de la routine et de la zone de confort.<\/li>\n<\/ul>\n<p><strong>Langues<\/strong> locales aux Philippines : <strong>anglais<\/strong> et tagalo.<\/p>\n<p><strong>Dur\u00e9e du volontariat<\/strong> : A discuter, mais minimum 6 mois, normalement 1 an,\u00a0<strong>id\u00e9alement 2 ans.<\/strong><\/p>\n<p><strong>Avantages pour la volontaire<\/strong>\u00a0:<\/p>\n<ul>\n<li><strong>Voyage :<\/strong> billets avion Paris\/Cebu (A\/R) pris en charge par Fondation COTTET MOINE ou JEFPAG.<\/li>\n<li><strong>H\u00e9bergement confortable \u00e0 CEBU<\/strong>, pris en charge par JEFPAG<\/li>\n<li><strong>Indemnit\u00e9s<\/strong> mensuelles \u00e0 discuter<\/li>\n<li><strong>Autre<\/strong> hors JEFPAG : Temps libre, libert\u00e9, collaboration avec volontaires et staff d\u2019autres ONG, visites personnelles d\u2019\u00eeles, resorts, etc\u2026<\/li>\n<\/ul>\n<p>[\/vc_column_text][vc_custom_heading text=&#8221;Faire acte de candidature en France&#8221; font_container=&#8221;tag:h4|text_align:justify&#8221; use_theme_fonts=&#8221;yes&#8221;][vc_column_text](CV + lettre de motivation)<\/p>\n<p><strong>FRANCE<\/strong><\/p>\n<p>Email : <a href=\"mailto:jccottetmoine@gmail.com\">jccottetmoine@gmail.com<\/a><\/p>\n<p>T\u00e9l. Mobil France 06 16 35 00 08<\/p>\n<p>Face time : <a href=\"mailto:jccottetmoine@gmail.com\">jccottetmoine@gmail.com<\/a><\/p>\n<p>Skype : jccottetmoine<\/p>\n<p>Viber : 06 16 35 00 08<\/p>\n<p><strong>PHILIPPINES<\/strong><\/p>\n<ul>\n<li><strong>Patrick GAY, Pr\u00e9sident JEFPAG<\/strong><\/li>\n<\/ul>\n<p>T\u00e9l. Mobil Phil\u00a0: 0929 863 6506<\/p>\n<p>T\u00e9l. Fixe Phil\u00a0: 63 (32) 260-1418<\/p>\n<p>T\u00e9l. Mobil Philippines : 0929 863 6506<\/p>\n<p>Skype\u00a0: Patrick gay<\/p>\n<ul>\n<li><strong>Alona JAPOS<\/strong> (vice-pr\u00e9sidente et tr\u00e9sori\u00e8re)<\/li>\n<\/ul>\n<p>T\u00e9l.Mobile 1 : +63 920-846-6417<br \/>\nT\u00e9l.Mobile 2 : +63 927-729-7069<\/p>\n<p>Mail\u00a0: <a href=\"mailto:alonajapos@yahoo.com\">alonajapos@yahoo.com<\/a><\/p>\n<p>Skype\u00a0: jefpag[\/vc_column_text][vc_empty_space][\/vc_column][\/vc_row][vc_row full_width=&#8221;stretch_row&#8221; css=&#8221;.vc_custom_1474728324055{background-color: #ffffff !important;}&#8221;][vc_column][vc_custom_heading text=&#8221;BENEVOLES : Offrez de votre temps pour aider Jefpag &#8221; font_container=&#8221;tag:h4|text_align:left&#8221; use_theme_fonts=&#8221;yes&#8221;][vc_column_text]En donnant de votre temps, en mettant \u00e0 disposition vos comp\u00e9tences, vos connaissances, vos talents, \u00e0 la disposition de notre fondation \u00e0 CEBU aux Philippines<\/p>\n<p>Exemples (non limitatifs) : photo reporter (photo et r\u00e9dactionnel), secr\u00e9taire administrative ou comptable, enqu\u00eates\u00a0sociales, charg\u00e9 de communication (r\u00e9seaux sociaux), missions sur le terrain.[\/vc_column_text][vc_empty_space][vc_cta h2=&#8221;&#8221; h2_use_theme_fonts=&#8221;yes&#8221; h4_font_container=&#8221;font_size:16|color:%23000000&#8243; h4_use_theme_fonts=&#8221;yes&#8221; txt_align=&#8221;center&#8221; shape=&#8221;square&#8221; style=&#8221;flat&#8221; color=&#8221;white&#8221; add_button=&#8221;top&#8221; btn_title=&#8221;Contactez-nous&#8221; btn_style=&#8221;custom&#8221; btn_custom_background=&#8221;#d02754&#8243; btn_custom_text=&#8221;#ffffff&#8221; btn_shape=&#8221;square&#8221; btn_size=&#8221;lg&#8221; btn_align=&#8221;center&#8221; btn_link=&#8221;url:http%3A%2F%2Ffondation-jefpag.com%2Findex.php%2Fcontact%2F|||&#8221; btn_custom_onclick=&#8221;true&#8221; use_custom_fonts_h2=&#8221;true&#8221; use_custom_fonts_h4=&#8221;true&#8221; css=&#8221;.vc_custom_1491379874663{background-color: #ffffff !important;}&#8221; btn_button_block=&#8221;true&#8221; btn_add_icon=&#8221;true&#8221;]<span style=\"font-weight: 400;\"> Nous avons besoin de volontaires\u00a0 et plus particuli\u00e8rement pour la communication sur les r\u00e9seaux sociaux ainsi que des enseignants (dipl\u00f4m\u00e9s ou non dipl\u00f4m\u00e9s).<\/span>[\/vc_cta][\/vc_column][\/vc_row]<\/p>\n","protected":false},"excerpt":{"rendered":"<p>Comment vous rendre utile ?<br \/>\nRejoignez nos \u00e9quipes de b\u00e9n\u00e9voles.<\/p>\n","protected":false},"author":1,"featured_media":2165,"comment_status":"closed","ping_status":"open","sticky":false,"template":"","format":"standard","meta":{"_bbp_topic_count":0,"_bbp_reply_count":0,"_bbp_total_topic_count":0,"_bbp_total_reply_count":0,"_bbp_voice_count":0,"_bbp_anonymous_reply_count":0,"_bbp_topic_count_hidden":0,"_bbp_reply_count_hidden":0,"_bbp_forum_subforum_count":0},"categories":[49],"tags":[16],"_links":{"self":[{"href":"https:\/\/fondation-jefpag.com\/index.php\/wp-json\/wp\/v2\/posts\/23"}],"collection":[{"href":"https:\/\/fondation-jefpag.com\/index.php\/wp-json\/wp\/v2\/posts"}],"about":[{"href":"https:\/\/fondation-jefpag.com\/index.php\/wp-json\/wp\/v2\/types\/post"}],"author":[{"embeddable":true,"href":"https:\/\/fondation-jefpag.com\/index.php\/wp-json\/wp\/v2\/users\/1"}],"replies":[{"embeddable":true,"href":"https:\/\/fondation-jefpag.com\/index.php\/wp-json\/wp\/v2\/comments?post=23"}],"version-history":[{"count":28,"href":"https:\/\/fondation-jefpag.com\/index.php\/wp-json\/wp\/v2\/posts\/23\/revisions"}],"predecessor-version":[{"id":2694,"href":"https:\/\/fondation-jefpag.com\/index.php\/wp-json\/wp\/v2\/posts\/23\/revisions\/2694"}],"wp:featuredmedia":[{"embeddable":true,"href":"https:\/\/fondation-jefpag.com\/index.php\/wp-json\/wp\/v2\/media\/2165"}],"wp:attachment":[{"href":"https:\/\/fondation-jefpag.com\/index.php\/wp-json\/wp\/v2\/media?parent=23"}],"wp:term":[{"taxonomy":"category","embeddable":true,"href":"https:\/\/fondation-jefpag.com\/index.php\/wp-json\/wp\/v2\/categories?post=23"},{"taxonomy":"post_tag","embeddable":true,"href":"https:\/\/fondation-jefpag.com\/index.php\/wp-json\/wp\/v2\/tags?post=23"}],"curies":[{"name":"wp","href":"https:\/\/api.w.org\/{rel}","templated":true}]}}