{"id":2503,"date":"2017-04-28T08:41:02","date_gmt":"2017-04-28T07:41:02","guid":{"rendered":"http:\/\/fondation-jefpag.com\/?p=2503"},"modified":"2017-07-16T10:26:00","modified_gmt":"2017-07-16T09:26:00","slug":"suivre-les-proges-de-lexie","status":"publish","type":"post","link":"https:\/\/fondation-jefpag.com\/index.php\/2017\/04\/28\/suivre-les-proges-de-lexie\/","title":{"rendered":"Suivre les prog\u00e8s de Lexie"},"content":{"rendered":"<p>[vc_row][vc_column][vc_custom_heading text=&#8221;Progr\u00e8s de Lexie&#8221; use_theme_fonts=&#8221;yes&#8221;][vc_empty_space][vc_column_text]<\/p>\n<ol>\n<li>Lexie, 3 ans \u00e9tait \u00a0sourde et muette depuis sa naissance<\/li>\n<li>Son operation en f\u00e9vrier 2017 a \u00e9t\u00e9\u00a0prise en charge par la Fondation\u00a0COTTET MOINE<\/li>\n<li>Prise en charge de l&#8217;appareillage auditif, \u00a0du suivi m\u00e9dical et de sa th\u00e9rapie pendant les 3 prochaines ann\u00e9es au minimum<\/li>\n<li>Ses r\u00e9sultats en avril 2017 sont formidables et tr\u00e8s touchants (voir la vid\u00e9o)<\/li>\n<\/ol>\n<div><\/div>\n<div><\/div>\n<p>[\/vc_column_text][vc_custom_heading text=&#8221;Les progr\u00e8s de Lexie gr\u00e2ce \u00e0 l&#8217;aide de JEFPAG&#8221; use_theme_fonts=&#8221;yes&#8221;][vc_column_text]Rappelez-vous, en novembre 2016, Jefpag prenait en charge l\u2019op\u00e9ration chirurgicale de Lexie, 3ans, atteinte d\u2019une perte auditive neurosensorielle s\u00e9v\u00e8re.<\/p>\n<p>Aujourd\u2019hui encore, les parents de Lexie remercient Jefpag et sp\u00e9cialement JCCM, sans qui, cela n\u2019aurai pu arriver.<\/p>\n<p>Lexie, re\u00e7oit le prix le plus amical, le plus joyeux et le plus laborieux :\u00a0C\u00e9r\u00e9monie d&#8217;Adala Brilliant Child Academy 2017 (photo)<\/p>\n<div><\/div>\n<div><\/div>\n<p>[\/vc_column_text][vc_empty_space][vc_custom_heading text=&#8221;Voir les progr\u00e8s de Lexie en vid\u00e9o :&#8221; font_container=&#8221;tag:h4|text_align:left&#8221; use_theme_fonts=&#8221;yes&#8221;][vc_empty_space][\/vc_column][\/vc_row][vc_row][vc_column][vc_video link=&#8221;https:\/\/youtu.be\/RO2WIsgvTJ4&#8243; el_width=&#8221;70&#8243; el_aspect=&#8221;43&#8243;][\/vc_column][\/vc_row]<\/p>\n","protected":false},"excerpt":{"rendered":"<p>Ses r\u00e9sultats en avril 2017 sont formidables et tr\u00e8s touchants&#8230;<\/p>\n","protected":false},"author":1,"featured_media":2623,"comment_status":"open","ping_status":"open","sticky":false,"template":"","format":"standard","meta":{"_bbp_topic_count":0,"_bbp_reply_count":0,"_bbp_total_topic_count":0,"_bbp_total_reply_count":0,"_bbp_voice_count":0,"_bbp_anonymous_reply_count":0,"_bbp_topic_count_hidden":0,"_bbp_reply_count_hidden":0,"_bbp_forum_subforum_count":0},"categories":[47],"tags":[],"_links":{"self":[{"href":"https:\/\/fondation-jefpag.com\/index.php\/wp-json\/wp\/v2\/posts\/2503"}],"collection":[{"href":"https:\/\/fondation-jefpag.com\/index.php\/wp-json\/wp\/v2\/posts"}],"about":[{"href":"https:\/\/fondation-jefpag.com\/index.php\/wp-json\/wp\/v2\/types\/post"}],"author":[{"embeddable":true,"href":"https:\/\/fondation-jefpag.com\/index.php\/wp-json\/wp\/v2\/users\/1"}],"replies":[{"embeddable":true,"href":"https:\/\/fondation-jefpag.com\/index.php\/wp-json\/wp\/v2\/comments?post=2503"}],"version-history":[{"count":5,"href":"https:\/\/fondation-jefpag.com\/index.php\/wp-json\/wp\/v2\/posts\/2503\/revisions"}],"predecessor-version":[{"id":2620,"href":"https:\/\/fondation-jefpag.com\/index.php\/wp-json\/wp\/v2\/posts\/2503\/revisions\/2620"}],"wp:featuredmedia":[{"embeddable":true,"href":"https:\/\/fondation-jefpag.com\/index.php\/wp-json\/wp\/v2\/media\/2623"}],"wp:attachment":[{"href":"https:\/\/fondation-jefpag.com\/index.php\/wp-json\/wp\/v2\/media?parent=2503"}],"wp:term":[{"taxonomy":"category","embeddable":true,"href":"https:\/\/fondation-jefpag.com\/index.php\/wp-json\/wp\/v2\/categories?post=2503"},{"taxonomy":"post_tag","embeddable":true,"href":"https:\/\/fondation-jefpag.com\/index.php\/wp-json\/wp\/v2\/tags?post=2503"}],"curies":[{"name":"wp","href":"https:\/\/api.w.org\/{rel}","templated":true}]}}