{"id":2712,"date":"2018-02-27T13:21:18","date_gmt":"2018-02-27T12:21:18","guid":{"rendered":"http:\/\/fondation-jefpag.com\/?p=2712"},"modified":"2018-02-27T13:21:18","modified_gmt":"2018-02-27T12:21:18","slug":"le-centre-de-formation-victor-braun","status":"publish","type":"post","link":"https:\/\/fondation-jefpag.com\/index.php\/2018\/02\/27\/le-centre-de-formation-victor-braun\/","title":{"rendered":"Le Centre de Formation Victor Braun"},"content":{"rendered":"<p>[vc_row][vc_column][vc_custom_heading text=&#8221;Centre de Formation Victor Braun pour jeunes adultes handicap\u00e9s mentaux &#8221; use_theme_fonts=&#8221;yes&#8221;][vc_empty_space][vc_column_text]Le 25 janvier dernier, Jean- Claude Cottet Moine (JCC) et l\u2019\u00e9quipe JEFPAG ont rendu visite aux acteurs et b\u00e9n\u00e9ficiaires du Victor Braun Training Center, au Sud de Cebu City. Le Victor Braun Training Center (VBTC), fait partie du programme KAIROS d\u00e9velopp\u00e9 par la congr\u00e9gation des \u00ab\u00a0Sisters of the Sacred Hearts of Jesus and Mary\u00a0\u00bb.<\/p>\n<p>Le programme KAIROS englobe 3 programmes : un programme de soutien \u00e0 domicile pour les enfants pr\u00e9sentant des besoins particuliers et ne pouvant se rendre au centre; un programme communautaire et le VBTC, pour les jeunes adultes handicap\u00e9s mentaux, dispensant une formation professionnelle et un accompagnement vers l\u2019ind\u00e9pendance.<\/p>\n<p>Depuis plus d\u2019une dizaine d\u2019ann\u00e9es, le centre accueillent 29 jeunes adultes handicap\u00e9s mentaux , de plus de 16 ans, n\u00e9s dans des milieux d\u00e9favoris\u00e9s de Cebu City (squatter area-bidonvilles). Ces jeunes, trop souvent livr\u00e9s \u00e0 eux m\u00eames, rejet\u00e9s, parfois m\u00eame par leur propre famille, se construisent dans un milieu o\u00f9 leur vuln\u00e9rabilit\u00e9 est au combien exacerb\u00e9e dans la vie de tous les jours.<br \/>\nLe Centre Victor Braun et son \u00e9quipe d\u00e9vou\u00e9e accueillent ainsi ces jeunes b\u00e9n\u00e9ficiaires dans un environnement sain, s\u00e9curis\u00e9 et adapt\u00e9 \u00e0 leurs besoins, permettant le suivi d\u2019un programme de d\u00e9veloppement personnel et d\u2019int\u00e9gration sociale. Le programme permet l\u2019acquisition d\u2019une certaine autonomie passant par l\u2019hygi\u00e8ne corporelle, la cuisine, les taches m\u00e9nag\u00e8res, la vie en communaut\u00e9 \u2026<br \/>\nDe plus, gr\u00e2ce \u00e0 des \u00e9tudiants stagiaires (infirmiers et psychologues notamment) est mis en place un suivi psychologique et psychomoteur indispensable \u00e0 l\u2019\u00e9panouissement et au d\u00e9veloppement des b\u00e9n\u00e9ficiaires.[\/vc_column_text][vc_custom_heading text=&#8221;Le programme Livelihood au coeur du centre &#8221; font_container=&#8221;tag:h4|text_align:left&#8221; use_theme_fonts=&#8221;yes&#8221;][vc_column_text]L\u2019autonomie et l\u2019int\u00e9gration sociale passant \u00e9galement par le travail, les b\u00e9n\u00e9ficiaires sont form\u00e9s au sein du centre \u00e0 travers le programme Livelihood. La formation se fait en fonction de leurs capacit\u00e9s : artisanat (conceptions de chiffons, tapis, impression sur v\u00eatement, impression sur mugs, bijoux \u2026), entretien m\u00e9nager, cuisine et jardinage (notamment plantation et vente d\u2019aloe vera). Les jeunes sont divis\u00e9s en plusieurs groupes selon leur niveau de formation, 4 d\u2019entres eux sont d\u00e9sormais compl\u00e8tements autonomes et consacrent leur temps \u00e0 la confection artisanale.<\/p>\n<p>Toutefois, le centre rencontre de nombreuses difficult\u00e9s lorsqu\u2019il s\u2019agit de trouver des entreprises partenaires d\u00e9sireuses de recruter ces jeunes handicap\u00e9s \u00e0 la suite de leur formation. Afin de rebondir, le centre met en vente ses diverses fabrications . Si le b\u00e9n\u00e9fice des ventes ne permet pas une autonomie financi\u00e8re du centre, il permet de payer la facture d\u2019\u00e9lectricit\u00e9 et de transmettre un petit \u00ab\u00a0salaire\u00a0\u00bb aux jeunes du centre et ainsi valoriser leur travail et leur procurer un sentiment d\u2019accomplissement et de fiert\u00e9, cette somme leur permettant parfois de participer aux d\u00e9penses alimentaires de leurs familles.<br \/>\nNe b\u00e9n\u00e9ficiant d\u2019aucune aide de la part de l\u2019Etat mais toutefois tr\u00e8s sollicit\u00e9 par les \u00e9coles publiques pour leurs tr\u00e8s bons r\u00e9sultats, le centre ne peut malheureusement pas accueillir plus de b\u00e9n\u00e9ficiaires du fait du manque d\u2019espace au sein du batiment. L\u2019\u00e9quipe du VBTC est donc actuellement \u00e0 la recherche de nouveaux locaux afin d\u2019accueillir de nouveaux jeunes handicap\u00e9s mais aussi et surtout de b\u00e9n\u00e9ficier d\u2019une pi\u00e8ce calme, de relaxation, permettant de se focaliser sur un b\u00e9n\u00e9ficiaire \u00e0 l&#8217;\u00e9cart de l&#8217;agitation habituelle du centre, notamment pour des s\u00e9ances de psychomotricit\u00e9. Trouver un local pr\u00e8s des habitations des jeunes b\u00e9n\u00e9ficiaires semble toutefois plus compliqu\u00e9 que pr\u00e9vu, la deuxi\u00e8me option serait donc de construire sur le terrain actuel un batiment de plusieurs \u00e9tages.<\/p>\n<p>\u00c0 la suite de cette touchante visite, l\u2019\u00e9quipe JEFPAG et Jean-Claude COTTET MOINE ont d\u00e9cid\u00e9 d\u2019agir. Une \u00e9tude de projet est actuellement en cours afin de r\u00e9pondre au mieux aux besoins et aux attentes du centre et de ses b\u00e9n\u00e9ficiaires.[\/vc_column_text][vc_empty_space][\/vc_column][\/vc_row][vc_row][vc_column][vc_custom_heading text=&#8221;D\u00e9couvrir le Victor Braun Training Center en vid\u00e9o : &#8221; font_container=&#8221;tag:h4|text_align:left&#8221; use_theme_fonts=&#8221;yes&#8221;][vc_empty_space][vc_video link=&#8221;https:\/\/www.youtube.com\/watch?v=Y_2Giz3b9dA&#8221;][\/vc_column][\/vc_row][vc_row][vc_column][\/vc_column][\/vc_row]<\/p>\n","protected":false},"excerpt":{"rendered":"<p>Visite du Centre de Formation Victor Braun du 25 janvier 2018<\/p>\n","protected":false},"author":1,"featured_media":2713,"comment_status":"open","ping_status":"open","sticky":false,"template":"","format":"standard","meta":{"_bbp_topic_count":0,"_bbp_reply_count":0,"_bbp_total_topic_count":0,"_bbp_total_reply_count":0,"_bbp_voice_count":0,"_bbp_anonymous_reply_count":0,"_bbp_topic_count_hidden":0,"_bbp_reply_count_hidden":0,"_bbp_forum_subforum_count":0},"categories":[13,47],"tags":[],"_links":{"self":[{"href":"https:\/\/fondation-jefpag.com\/index.php\/wp-json\/wp\/v2\/posts\/2712"}],"collection":[{"href":"https:\/\/fondation-jefpag.com\/index.php\/wp-json\/wp\/v2\/posts"}],"about":[{"href":"https:\/\/fondation-jefpag.com\/index.php\/wp-json\/wp\/v2\/types\/post"}],"author":[{"embeddable":true,"href":"https:\/\/fondation-jefpag.com\/index.php\/wp-json\/wp\/v2\/users\/1"}],"replies":[{"embeddable":true,"href":"https:\/\/fondation-jefpag.com\/index.php\/wp-json\/wp\/v2\/comments?post=2712"}],"version-history":[{"count":2,"href":"https:\/\/fondation-jefpag.com\/index.php\/wp-json\/wp\/v2\/posts\/2712\/revisions"}],"predecessor-version":[{"id":2715,"href":"https:\/\/fondation-jefpag.com\/index.php\/wp-json\/wp\/v2\/posts\/2712\/revisions\/2715"}],"wp:featuredmedia":[{"embeddable":true,"href":"https:\/\/fondation-jefpag.com\/index.php\/wp-json\/wp\/v2\/media\/2713"}],"wp:attachment":[{"href":"https:\/\/fondation-jefpag.com\/index.php\/wp-json\/wp\/v2\/media?parent=2712"}],"wp:term":[{"taxonomy":"category","embeddable":true,"href":"https:\/\/fondation-jefpag.com\/index.php\/wp-json\/wp\/v2\/categories?post=2712"},{"taxonomy":"post_tag","embeddable":true,"href":"https:\/\/fondation-jefpag.com\/index.php\/wp-json\/wp\/v2\/tags?post=2712"}],"curies":[{"name":"wp","href":"https:\/\/api.w.org\/{rel}","templated":true}]}}