{"id":2829,"date":"2018-08-01T10:19:35","date_gmt":"2018-08-01T09:19:35","guid":{"rendered":"http:\/\/fondation-jefpag.com\/?p=2829"},"modified":"2018-08-01T10:33:17","modified_gmt":"2018-08-01T09:33:17","slug":"ecole-de-tabunan-2","status":"publish","type":"post","link":"https:\/\/fondation-jefpag.com\/index.php\/2018\/08\/01\/ecole-de-tabunan-2\/","title":{"rendered":"\u00c9cole de Tabunan"},"content":{"rendered":"<p>[vc_row][vc_column][vc_custom_heading text=&#8221;Ecole de Tabunan &#8221; use_theme_fonts=&#8221;yes&#8221;][vc_empty_space][vc_column_text]<strong>L&#8217;\u00e9cole de Tabunan<\/strong> est une \u00e9cole primaire et secondaire publique, elle tient son nom du Barangay (quartier) o\u00f9 se situe l\u2019\u00e9cole. Le Barangay Tabunan est paisiblement nich\u00e9 au milieu des hautes montagnes parmi lesquelles le Mont Manunggal, la montagne de Sunog et la zone bois\u00e9e de Lobres. Les r\u00e9sidents du Barangay sont des enfants de migrants de la deuxi\u00e8me guerre mondiale venus des villes et d&#8217;autres provinces. C&#8217;est en effet le Barangay le plus \u00e9loign\u00e9 de la ville de Cebu, la plupart des gens y vivent de l&#8217;agriculture.<\/p>\n<p>L&#8217;\u00e9cole accueille chaque jour des centaines d&#8217;enfants des montagnes environnantes. Ces enfants sont\u00a0 un v\u00e9ritable exemple de force et de motivation et une telle inspiration pour l&#8217;\u00e9quipe de JEFPAG. En effet, beaucoup d&#8217;entre eux marchent chaque jour 2 \u00e0 3 heures dans la montagne pour aller \u00e0 l\u2019\u00e9cole dans l\u2019esp\u00e8re d\u2019obtenir un jour leur dipl\u00f4me.<\/p>\n<p><em><strong>Patrick, Grace and Rozenn<\/strong><\/em>,\u00a0de l&#8217;\u00e9quipe JEFPAG, ont suivi 4 enfants sur le chemin de l&#8217;\u00e9cole et ont fait face aux obstacles physiques que certains enfants doivent affronter chaque jour simplement pour arriver \u00e0 l&#8217;heure dans leur classe.[\/vc_column_text][vc_empty_space][vc_custom_heading text=&#8221;Les actions JEFPAG pour l&#8217;\u00e9cole et les \u00e9tudiants &#8221; font_container=&#8221;tag:h4|text_align:left&#8221; use_theme_fonts=&#8221;yes&#8221;][vc_column_text]Depuis quelques ann\u00e9es d\u00e9j\u00e0, la fondation JEFPAG vient en aide \u00e0 l&#8217;\u00e9cole de Tabunan, faisant don de fournitures scolaires, de cadeaux \u00e0 l\u2019occasion des f\u00eates de Noel, de la nourriture et du mat\u00e9riel scolaire comme des machines \u00e0 coudre, des t\u00e9l\u00e9viseurs \u2026[\/vc_column_text][vc_empty_space][vc_single_image image=&#8221;2805&#8243; img_size=&#8221;full&#8221; alignment=&#8221;right&#8221;][vc_column_text]<em>12 juin 2018, donation de deux machines \u00e0 coudre\u00a0<\/em>[\/vc_column_text][vc_empty_space][vc_single_image image=&#8221;2806&#8243; img_size=&#8221;full&#8221;][vc_column_text]<em>22 d\u00e9cembre 2017, cadeaux de Noel et donation de riz \u00e0 l&#8217;\u00e9cole de Tabunan<\/em>[\/vc_column_text][vc_empty_space][vc_column_text]En 2018, <em><strong>Jean-Claude Cottet Moine (JCCM)<\/strong> <\/em>et l&#8217;\u00e9quipe JEFPAG d\u00e9cident d&#8217;aller plus loin et de parrainer de nouveaux dipl\u00f4m\u00e9s du secondaire apr\u00e8s une s\u00e9lection bas\u00e9e sur la motivation de l\u2019\u00e9tudiant, le revenu et la situation familial de ce dernier. [\/vc_column_text][vc_empty_space][vc_single_image image=&#8221;2807&#8243; img_size=&#8221;full&#8221; add_caption=&#8221;yes&#8221;][vc_column_text]<i>Shinne Marie et Michelle: fraichement\u00a0dipl\u00f4m\u00e9es\u00a0 Shinne Marie et Michelle sont aujourd&#8217;hui parrain\u00e9es par JEFPAG afin de suivre une formation professionnelle de type TESDA.\u00a0<\/i>[\/vc_column_text][vc_empty_space][vc_single_image image=&#8221;2808&#8243; img_size=&#8221;full&#8221;][vc_column_text]<i>Voici Andres accompagn\u00e9 de sa tr\u00e8s\u00a0fi\u00e8re maman : Andres, fraichement\u00a0dipl\u00f4m\u00e9\u00a0est\u00a0\u00e9galement\u00a0parrain\u00e9 par JEFPAG afin de suivre une formation professionnelle \u00e0 Cebu City.\u00a0<\/i>[\/vc_column_text][vc_empty_space][vc_single_image image=&#8221;2809&#8243; img_size=&#8221;full&#8221;][vc_column_text]<i>Glades: Glades\u00a0dipl\u00f4m\u00e9e\u00a0en 2018, vient de commencer ses \u00e9tudes\u00a0dans l&#8217;enseignement \u00e0 l&#8217;Universit\u00e9 CTU, Cebu City, parrain\u00e9e par JEFPAG<\/i>[\/vc_column_text][vc_empty_space][vc_single_image image=&#8221;2810&#8243; img_size=&#8221;full&#8221;][vc_column_text]<i>Rickson: nouvellement\u00a0dipl\u00f4m\u00e9\u00a0avec les honneurs, Rickson est parrain\u00e9 par JEFPAG durant ses \u00e9tudes dans l&#8217;enseignement \u00e0 l&#8217;Universit\u00e9 CTU\u00a0<\/i>[\/vc_column_text][vc_empty_space][vc_column_text]Il n&#8217;est pas toujours facile de s&#8217;installer \u00e0 la ville pour les jeunes ayant grandi \u00e0 la montagne, l&#8217;\u00e9quipe JEFPAG s&#8217;assure donc que la transition se passe bien et les soutient dans leurs \u00e9tudes mais r\u00e9pond \u00e9galement \u00e0 leurs pr\u00e9occupations du quotidien.<\/p>\n<p>L&#8217;\u00e9quipe de JEFPAG est tr\u00e8s fi\u00e8re d&#8217;eux.<\/p>\n<p>[\/vc_column_text][vc_empty_space][\/vc_column][vc_column][vc_gallery type=&#8221;image_grid&#8221; images=&#8221;2812,2815,2814,2813,2811,2819,2818,2817,2816,2823,2824,2825,2826,2822,2821,2820&#8243;][vc_empty_space][\/vc_column][\/vc_row][vc_row][vc_column][vc_facebook][\/vc_column][\/vc_row][vc_row][vc_column][\/vc_column][\/vc_row][vc_row][vc_column][\/vc_column][\/vc_row]<\/p>\n","protected":false},"excerpt":{"rendered":"<p>Depuis quelques ann\u00e9es d\u00e9j\u00e0, JCCM et JEFPAG viennent en aide \u00e0 l&#8217;\u00e9cole de Tabunan, Barangay nich\u00e9 dans les hautes montagnes de Cebu. <\/p>\n","protected":false},"author":1,"featured_media":2830,"comment_status":"open","ping_status":"open","sticky":false,"template":"","format":"standard","meta":{"_bbp_topic_count":0,"_bbp_reply_count":0,"_bbp_total_topic_count":0,"_bbp_total_reply_count":0,"_bbp_voice_count":0,"_bbp_anonymous_reply_count":0,"_bbp_topic_count_hidden":0,"_bbp_reply_count_hidden":0,"_bbp_forum_subforum_count":0},"categories":[13,47,1],"tags":[],"_links":{"self":[{"href":"https:\/\/fondation-jefpag.com\/index.php\/wp-json\/wp\/v2\/posts\/2829"}],"collection":[{"href":"https:\/\/fondation-jefpag.com\/index.php\/wp-json\/wp\/v2\/posts"}],"about":[{"href":"https:\/\/fondation-jefpag.com\/index.php\/wp-json\/wp\/v2\/types\/post"}],"author":[{"embeddable":true,"href":"https:\/\/fondation-jefpag.com\/index.php\/wp-json\/wp\/v2\/users\/1"}],"replies":[{"embeddable":true,"href":"https:\/\/fondation-jefpag.com\/index.php\/wp-json\/wp\/v2\/comments?post=2829"}],"version-history":[{"count":2,"href":"https:\/\/fondation-jefpag.com\/index.php\/wp-json\/wp\/v2\/posts\/2829\/revisions"}],"predecessor-version":[{"id":2832,"href":"https:\/\/fondation-jefpag.com\/index.php\/wp-json\/wp\/v2\/posts\/2829\/revisions\/2832"}],"wp:featuredmedia":[{"embeddable":true,"href":"https:\/\/fondation-jefpag.com\/index.php\/wp-json\/wp\/v2\/media\/2830"}],"wp:attachment":[{"href":"https:\/\/fondation-jefpag.com\/index.php\/wp-json\/wp\/v2\/media?parent=2829"}],"wp:term":[{"taxonomy":"category","embeddable":true,"href":"https:\/\/fondation-jefpag.com\/index.php\/wp-json\/wp\/v2\/categories?post=2829"},{"taxonomy":"post_tag","embeddable":true,"href":"https:\/\/fondation-jefpag.com\/index.php\/wp-json\/wp\/v2\/tags?post=2829"}],"curies":[{"name":"wp","href":"https:\/\/api.w.org\/{rel}","templated":true}]}}